{"id":5239,"date":"2022-03-30T13:49:19","date_gmt":"2022-03-30T13:49:19","guid":{"rendered":"https:\/\/premiumecoclean.hu\/?p=5239"},"modified":"2022-03-31T13:59:59","modified_gmt":"2022-03-31T13:59:59","slug":"poratka-veszelyei-az-irodankban-es-az-otthonukban","status":"publish","type":"post","link":"https:\/\/premiumecoclean.hu\/en\/poratka-veszelyei-az-irodankban-es-az-otthonukban\/","title":{"rendered":"Poratka vesz\u00e9lyei az irod\u00e1nkban \u00e9s az otthonukban"},"content":{"rendered":"\t\t<div data-elementor-type=\"wp-post\" data-elementor-id=\"5239\" class=\"elementor elementor-5239\" data-elementor-settings=\"[]\">\n\t\t\t\t\t\t\t<div class=\"elementor-section-wrap\">\n\t\t\t\t\t\t\t<section class=\"elementor-section elementor-top-section elementor-element elementor-element-1c31b80 elementor-section-boxed elementor-section-height-default elementor-section-height-default\" data-id=\"1c31b80\" data-element_type=\"section\">\n\t\t\t\t\t\t<div class=\"elementor-container elementor-column-gap-default\">\n\t\t\t\t\t<div class=\"elementor-column elementor-col-100 elementor-top-column elementor-element elementor-element-c2a134a\" data-id=\"c2a134a\" data-element_type=\"column\">\n\t\t\t<div class=\"elementor-widget-wrap elementor-element-populated\">\n\t\t\t\t\t\t\t\t<div class=\"elementor-element elementor-element-48a3232 elementor-widget elementor-widget-text-editor\" data-id=\"48a3232\" data-element_type=\"widget\" data-widget_type=\"text-editor.default\">\n\t\t\t\t<div class=\"elementor-widget-container\">\n\t\t\t\t\t\t\t\t<p>H\u00e1ziporatka alatt k\u00e9t \u00edzeltl\u00e1b\u00fat \u00e9rt\u00fcnk:\u00a0<em><strong>Dermatophagoides pteronyssus<\/strong><\/em><strong>\u00a0<\/strong>\u00e9s\u00a0<em><strong>Dermatophagoides farinae<\/strong><\/em><strong>.<\/strong>\u00a0M\u00e9ret\u00fck szerint kb. 0,2-0,3 mm hossz\u00faak, a p\u00f3kokkal k\u00f6zeli rovarfajba tartoz\u00f3 mikroszkopikus \u00e9l\u0151l\u00e9nyek.<\/p><p>Az atk\u00e1k sz\u00e1ma k\u00e9s\u0151 tavasszal, ny\u00e1r v\u00e9g\u00e9n \u00e9s kora \u0151sszel a legnagyobb, mivel a lak\u00e1sok \u00e9s az irod\u00e1k leveg\u0151j\u00e9nek nedvess\u00e9gtartalma a f\u0171t\u00e9s hi\u00e1nya miatt ilyenkor a legnagyobb. T\u00e9len, kora tavasszal \u00e9s k\u00e9s\u0151 \u0151sszel a f\u0171t\u00f6tt lak\u00e1sok relat\u00edv p\u00e1ratartalma <strong>60 %<\/strong> vagy enn\u00e9l sokkal alacsonyabb p\u00e9ld\u00e1ul padl\u00f3f\u0171t\u00e9ses ingatlanokn\u00e1l, ami az atk\u00e1k sz\u00e1m\u00e1ra kedvez\u0151tlen, ez\u00e9rt sz\u00e1muk t\u00e9len a legalacsonyabb. Ezt a kedvez\u0151tlen \u00e9vszakot csak azok a p\u00e9ld\u00e1nyok \u00e9lik t\u00fal, amelyek naponta legal\u00e1bb n\u00e9h\u00e1ny \u00f3r\u00e1n kereszt\u00fcl megfelel\u0151 k\u00f6r\u00fclm\u00e9nyek k\u00f6z\u00f6tt p\u00e9ld\u00e1ul \u00e1gynem\u0171ben tart\u00f3zkodnak.<\/p><p>Sokan t\u00e9ves k\u00f6vetkeztet\u00e9seket vonnak le, amikor \u00f6sszekapcsolj\u00e1k az allergi\u00e1s t\u00fcneteket megjelen\u00e9s\u00e9t a lak\u00e1sban tal\u00e1lhat\u00f3 por mennyis\u00e9g\u00e9vel, mert b\u00e1rmennyire is azt hissz\u00fck a leggondozottabb lak\u00e1s vagy iroda sem pormentes! A helyis\u00e9gekbe be\u00e1raml\u00f3 leveg\u0151 l\u00e1thatatlan porszemcs\u00e9k milli\u00f3ival ker\u00fcl \u00e9letter\u00fcnkbe (leveg\u0151sz\u0171r\u0151 berendez\u00e9s haszn\u00e1lat\u00e1val lehet cs\u00f6kkenteni a lak\u00e1s vagy iroda leveg\u0151j\u00e9ben l\u00e9v\u0151 porszemcs\u00e9k sz\u00e1m\u00e1t), mely egy m\u00e1sik t\u00e9ves k\u00f6vetkeztet\u00e9shez vezet, hogy a poratka-allergia egyet jelent a h\u00e1zi porra val\u00f3 \u00e9rz\u00e9kenys\u00e9ggel.<\/p><p><strong>A probl\u00e9ma h\u00e1tter\u00e9ben val\u00f3j\u00e1ban nem a h\u00e1zi por, hanem egy apr\u00f3cska \u00e9l\u0151l\u00e9ny &#8211; a poratka \u00e1ll<\/strong>. A poratk\u00e1k mikroszkopikus m\u00e9ret\u0171ek, amik \u00f6nmagukban nem okoznak allergi\u00e1s reakci\u00f3t, hanem a leveg\u0151ben sz\u00e1ll\u00f3 \u00fcr\u00fcl\u00e9ke az, ami a jellegzetes allergi\u00e1s t\u00fcneteket kiv\u00e1ltja, ha bel\u00e9legezz\u00fck, meg\u00e9rintj\u00fck, vagy b\u00e1rmilyen kapcsolatba ker\u00fcl\u00fcnk huzamosabb ideig vele. A<strong>\u00a0lak\u00e1son bel\u00fcli allerg\u00e9nek k\u00f6z\u00fcl a h\u00e1zipor-atka l\u00e9g\u00fati allergi\u00e1k leggyakoribb okoz\u00f3ja. <\/strong><\/p>\t\t\t\t\t\t<\/div>\n\t\t\t\t<\/div>\n\t\t\t\t\t<\/div>\n\t\t<\/div>\n\t\t\t\t\t\t\t<\/div>\n\t\t<\/section>\n\t\t\t\t<section class=\"elementor-section elementor-top-section elementor-element elementor-element-28bd663 elementor-section-boxed elementor-section-height-default elementor-section-height-default\" data-id=\"28bd663\" data-element_type=\"section\">\n\t\t\t\t\t\t<div class=\"elementor-container elementor-column-gap-default\">\n\t\t\t\t\t<div class=\"elementor-column elementor-col-100 elementor-top-column elementor-element elementor-element-477c7d2\" data-id=\"477c7d2\" data-element_type=\"column\">\n\t\t\t<div class=\"elementor-widget-wrap elementor-element-populated\">\n\t\t\t\t\t\t\t\t<div class=\"elementor-element elementor-element-ac33158 elementor-widget elementor-widget-image\" data-id=\"ac33158\" data-element_type=\"widget\" data-widget_type=\"image.default\">\n\t\t\t\t<div class=\"elementor-widget-container\">\n\t\t\t\t\t\t\t\t\t\t\t\t\t\t\t<img loading=\"lazy\" decoding=\"async\" width=\"884\" height=\"509\" src=\"https:\/\/premiumecoclean.hu\/wp-content\/uploads\/2022\/03\/PremiumEcoClean_atka_allergizalo_hatasai.jpg\" class=\"attachment-large size-large\" alt=\"\" srcset=\"https:\/\/premiumecoclean.hu\/wp-content\/uploads\/2022\/03\/PremiumEcoClean_atka_allergizalo_hatasai.jpg 884w, https:\/\/premiumecoclean.hu\/wp-content\/uploads\/2022\/03\/PremiumEcoClean_atka_allergizalo_hatasai-300x173.jpg 300w, https:\/\/premiumecoclean.hu\/wp-content\/uploads\/2022\/03\/PremiumEcoClean_atka_allergizalo_hatasai-768x442.jpg 768w\" sizes=\"auto, (max-width: 884px) 100vw, 884px\" \/>\t\t\t\t\t\t\t\t\t\t\t\t\t\t\t<\/div>\n\t\t\t\t<\/div>\n\t\t\t\t\t<\/div>\n\t\t<\/div>\n\t\t\t\t\t\t\t<\/div>\n\t\t<\/section>\n\t\t\t\t<section class=\"elementor-section elementor-top-section elementor-element elementor-element-59bce02 elementor-section-boxed elementor-section-height-default elementor-section-height-default\" data-id=\"59bce02\" data-element_type=\"section\">\n\t\t\t\t\t\t<div class=\"elementor-container elementor-column-gap-default\">\n\t\t\t\t\t<div class=\"elementor-column elementor-col-100 elementor-top-column elementor-element elementor-element-c27241e\" data-id=\"c27241e\" data-element_type=\"column\">\n\t\t\t<div class=\"elementor-widget-wrap elementor-element-populated\">\n\t\t\t\t\t\t\t\t<div class=\"elementor-element elementor-element-5d3e1f8 elementor-widget elementor-widget-text-editor\" data-id=\"5d3e1f8\" data-element_type=\"widget\" data-widget_type=\"text-editor.default\">\n\t\t\t\t<div class=\"elementor-widget-container\">\n\t\t\t\t\t\t\t\t<p>A poratk\u00e1k sz\u00e1mos kellemetlen betegs\u00e9get terjesztenek. Az \u00fcr\u00fcl\u00e9k\u00fck a lak\u00e1sunk vagy irod\u00e1nk l\u00e9gter\u00e9be f\u0151leg a l\u00e9gutakba ker\u00fclve allergi\u00e1s n\u00e1th\u00e1t, s\u0151t asztm\u00e1t okozhatnak. Az atka \u00fcr\u00fcl\u00e9k a \u00a0h\u00e1zi a porral kapcsolatba ker\u00fclve a szem k\u00f6t\u0151h\u00e1rty\u00e1j\u00e1ba ker\u00fclhet, valamint bel\u00e9gz\u00e9ssel az orr ny\u00e1lkah\u00e1rty\u00e1j\u00e1n gyullad\u00e1st id\u00e9z el\u0151. Id\u0151vel az er\u0151ltetett k\u00f6h\u00f6g\u00e9sb\u0151l, a h\u00f6rg\u0151k g\u00f6rcs\u00f6s elv\u00e1ltoz\u00e1s\u00e1b\u00f3l neh\u00e9zl\u00e9gz\u00e9s, asztma alakulhat ki. B\u0151rrel kapcsolatba ker\u00fcl\u0151 allergiz\u00e1l\u00f3 maradv\u00e1nyok, csal\u00e1nki\u00fct\u00e9st \u00e9s k\u00fcl\u00f6nb\u00f6z\u0151 ekc\u00e9m\u00e1s reakci\u00f3kat is kiv\u00e1lthatnak.<\/p><p>A poratk\u00e1kb\u00f3l \u00e9letciklusuk alatt k\u00f6zel <strong><span style=\"color: #ff0000;\">2000 \u00fcr\u00fcl\u00e9kr\u00e9szecske t\u00e1vozik<\/span><\/strong>, emellett igen nagysz\u00e1m\u00fa, a r\u00e9szben em\u00e9sztett t\u00e1pl\u00e1l\u00e9k k\u00f6vetkezt\u00e9ben enzimmel szennyezett porr\u00e9szecske is a k\u00f6rnyezetbe ker\u00fcl.<\/p>\t\t\t\t\t\t<\/div>\n\t\t\t\t<\/div>\n\t\t\t\t\t<\/div>\n\t\t<\/div>\n\t\t\t\t\t\t\t<\/div>\n\t\t<\/section>\n\t\t\t\t<section class=\"elementor-section elementor-top-section elementor-element elementor-element-11ca6e7 elementor-section-boxed elementor-section-height-default elementor-section-height-default\" data-id=\"11ca6e7\" data-element_type=\"section\">\n\t\t\t\t\t\t<div class=\"elementor-container elementor-column-gap-default\">\n\t\t\t\t\t<div class=\"elementor-column elementor-col-100 elementor-top-column elementor-element elementor-element-15ba334\" data-id=\"15ba334\" data-element_type=\"column\">\n\t\t\t<div class=\"elementor-widget-wrap elementor-element-populated\">\n\t\t\t\t\t\t\t\t<div class=\"elementor-element elementor-element-282c3e5 elementor-widget elementor-widget-image\" data-id=\"282c3e5\" data-element_type=\"widget\" data-widget_type=\"image.default\">\n\t\t\t\t<div class=\"elementor-widget-container\">\n\t\t\t\t\t\t\t\t\t\t\t\t\t\t\t<img loading=\"lazy\" decoding=\"async\" width=\"884\" height=\"509\" src=\"https:\/\/premiumecoclean.hu\/wp-content\/uploads\/2022\/03\/PremiumEcoClean_poratka_korforgas.jpg\" class=\"attachment-large size-large\" alt=\"\" srcset=\"https:\/\/premiumecoclean.hu\/wp-content\/uploads\/2022\/03\/PremiumEcoClean_poratka_korforgas.jpg 884w, https:\/\/premiumecoclean.hu\/wp-content\/uploads\/2022\/03\/PremiumEcoClean_poratka_korforgas-300x173.jpg 300w, https:\/\/premiumecoclean.hu\/wp-content\/uploads\/2022\/03\/PremiumEcoClean_poratka_korforgas-768x442.jpg 768w\" sizes=\"auto, (max-width: 884px) 100vw, 884px\" \/>\t\t\t\t\t\t\t\t\t\t\t\t\t\t\t<\/div>\n\t\t\t\t<\/div>\n\t\t\t\t\t<\/div>\n\t\t<\/div>\n\t\t\t\t\t\t\t<\/div>\n\t\t<\/section>\n\t\t\t\t<section class=\"elementor-section elementor-top-section elementor-element elementor-element-510c7db elementor-section-boxed elementor-section-height-default elementor-section-height-default\" data-id=\"510c7db\" data-element_type=\"section\">\n\t\t\t\t\t\t<div class=\"elementor-container elementor-column-gap-default\">\n\t\t\t\t\t<div class=\"elementor-column elementor-col-100 elementor-top-column elementor-element elementor-element-295ad69\" data-id=\"295ad69\" data-element_type=\"column\">\n\t\t\t<div class=\"elementor-widget-wrap elementor-element-populated\">\n\t\t\t\t\t\t\t\t<div class=\"elementor-element elementor-element-92290bd elementor-widget elementor-widget-text-editor\" data-id=\"92290bd\" data-element_type=\"widget\" data-widget_type=\"text-editor.default\">\n\t\t\t\t<div class=\"elementor-widget-container\">\n\t\t\t\t\t\t\t\t<p><strong>Az allergi\u00e1s t\u00fcnetek az atk\u00e1k sz\u00e1m\u00e1val val\u00f3 k\u00fczdelem sor\u00e1n a cs\u00f6kkent\u00e9s\u00fckkel \u00e9rhet\u0151 el<\/strong>.<\/p><p>Kiemelten a h\u00e1l\u00f3szob\u00e1ban \u00e1gynem\u0171ben \u00e9s matracban; irod\u00e1ban a k\u00e1rpitozott b\u00fatorokban \u00e9s padl\u00f3sz\u0151nyegben megb\u00fajva vannak igaz\u00e1n nagy sz\u00e1mban. Rendszeresen mossuk az \u00e1gynem\u0171ket aj\u00e1nlottan legal\u00e1bb 60 \u00b0C-os programon \u00e9s hipoallerg\u00e9n \u00f6bl\u00edt\u0151szerrel ami fokozza a v\u00e9delmet. Amennyiben van r\u00e1 lehet\u0151s\u00e9g\u00fcnk akkor teregess\u00fck ki napra, mivel az UV meg\u00f6li az atk\u00e1kat ezut\u00e1n egy laza mozdulattal kir\u00e1zhat\u00f3 az \u00e1gynem\u0171b\u0151l.<\/p><p>Irod\u00e1kban legal\u00e1bb \u00e9vi 2 alkalommal legyen nagytakar\u00edt\u00e1s \u00e9s a takar\u00edt\u00f3 c\u00e9g a k\u00e1rpitokat &#8211; sz\u0151nyegeket nedves tiszt\u00edt\u00f3szeres extrakci\u00f3s g\u00e9ppel tiszt\u00edtsa meg.<\/p><p>Sajnos sok c\u00e9g ezeket csak bele foglalja a szerz\u0151d\u00e9sbe, de nem hajtja v\u00e9gre, mivel id\u0151 ig\u00e9nyes vagy nincs meg hozz\u00e1 a fizikai vagy g\u00e9pi kapacit\u00e1sa, erre \u00e9rdemes oda figyelni az \u00fcgyfeleknek.<\/p><p>A takar\u00edt\u00f3 c\u00e9g haszn\u00e1ljon olyan porsz\u00edv\u00f3kat ami 0,3 mikrom\u00e9teres nagys\u00e1gig befoghat\u00f3k a porr\u00e9szecsk\u00e9k, \u00edgy a besz\u00edvott poratk\u00e1k \u00e9s \u00fcr\u00fcl\u00e9k\u00fck nem ker\u00fclhetnek vissza az iroda l\u00e9gter\u00e9be.<\/p><p>Az optim\u00e1lisan m\u0171k\u00f6d\u0151 l\u00e9gkondicion\u00e1l\u00f3 berendez\u00e9sekkel k\u00fclt\u00e9ri allerg\u00e9nek nagyr\u00e9szt kirekeszthet\u0151k a helyis\u00e9gekb\u0151l.<\/p><p>Sokat tehet\u00fcnk az ellen, hogy kedvez\u0151tlen \u00e9letk\u00f6r\u00fclm\u00e9nyeket hozzunk l\u00e9tre az atk\u00e1k sz\u00e1m\u00e1ra.<\/p><ul><li>f\u00fcrd\u00e9s-tusol\u00e1s ut\u00e1n alaposan szell\u0151ztess\u00fck ki a f\u00fcrd\u0151szob\u00e1t \u00e9s ne engedj\u00fck a lak\u00e1s t\u00f6bbi helyis\u00e9g\u00e9be a p\u00e1r\u00e1s leveg\u0151t<\/li><li>p\u00e1r\u00e1val j\u00e1r\u00f3 f\u0151z\u00e9sn\u00e9l haszn\u00e1ljunk p\u00e1raelsz\u00edv\u00f3t<\/li><li>felmos\u00e1skor mindig j\u00f3l csavarjuk ki a felmos\u00f3 fejet<\/li><li>amennyiben lehet\u0151s\u00e9g\u00fcnk van r\u00e1 akkor t\u00e9len ne teregess\u00fck bent a kimosott ruh\u00e1kat (haszn\u00e1ljunk sz\u00e1r\u00edt\u00f3g\u00e9pet) \u00edgy kisebb es\u00e9ly van r\u00e1, hogy relat\u00edv 60 % f\u00f6l\u00f6tti lesz a p\u00e1ratartalom<\/li><\/ul><p><strong>B\u00edzom benne, hogy sok j\u00f3 tan\u00e1ccsal ell\u00e1ttunk benneteket, hogy hogyan vegy\u00e9tek fel a harcot a poratk\u00e1kkal egy eg\u00e9szs\u00e9gesebb \u00e9letk\u00f6r\u00fclm\u00e9ny teremt\u00e9se v\u00e9gett.<\/strong><\/p>\t\t\t\t\t\t<\/div>\n\t\t\t\t<\/div>\n\t\t\t\t\t<\/div>\n\t\t<\/div>\n\t\t\t\t\t\t\t<\/div>\n\t\t<\/section>\n\t\t\t\t<section class=\"elementor-section elementor-top-section elementor-element elementor-element-94c37d5 elementor-section-boxed elementor-section-height-default elementor-section-height-default\" data-id=\"94c37d5\" data-element_type=\"section\">\n\t\t\t\t\t\t<div class=\"elementor-container elementor-column-gap-default\">\n\t\t\t\t\t<div class=\"elementor-column elementor-col-100 elementor-top-column elementor-element elementor-element-06bc853\" data-id=\"06bc853\" data-element_type=\"column\">\n\t\t\t<div class=\"elementor-widget-wrap elementor-element-populated\">\n\t\t\t\t\t\t\t\t<div class=\"elementor-element elementor-element-c1d356a elementor-button-info elementor-align-center elementor-widget elementor-widget-button\" data-id=\"c1d356a\" data-element_type=\"widget\" data-widget_type=\"button.default\">\n\t\t\t\t<div class=\"elementor-widget-container\">\n\t\t\t\t\t<div class=\"elementor-button-wrapper\">\n\t\t\t<a href=\"https:\/\/premiumecoclean.hu\/iroda-takaritas\/\" class=\"elementor-button-link elementor-button elementor-size-sm\" role=\"button\">\n\t\t\t\t\t\t<span class=\"elementor-button-content-wrapper\">\n\t\t\t\t\t\t<span class=\"elementor-button-text\">K\u00f6rnyezetbar\u00e1t irodatakar\u00edt\u00e1s kedvez\u0151 \u00e1ron<\/span>\n\t\t<\/span>\n\t\t\t\t\t<\/a>\n\t\t<\/div>\n\t\t\t\t<\/div>\n\t\t\t\t<\/div>\n\t\t\t\t\t<\/div>\n\t\t<\/div>\n\t\t\t\t\t\t\t<\/div>\n\t\t<\/section>\n\t\t\t\t\t\t<\/div>\n\t\t\t\t\t<\/div>\n\t\t","protected":false},"excerpt":{"rendered":"<p>H\u00e1ziporatka alatt k\u00e9t \u00edzeltl\u00e1b\u00fat \u00e9rt\u00fcnk:\u00a0Dermatophagoides pteronyssus\u00a0\u00e9s\u00a0Dermatophagoides farinae.\u00a0M\u00e9ret\u00fck szerint kb. 0,2-0,3 mm hossz\u00faak, a p\u00f3kokkal k\u00f6zeli rovarfajba tartoz\u00f3 mikroszkopikus \u00e9l\u0151l\u00e9nyek. Az atk\u00e1k sz\u00e1ma k\u00e9s\u0151 tavasszal, ny\u00e1r v\u00e9g\u00e9n \u00e9s kora \u0151sszel a legnagyobb, mivel a lak\u00e1sok \u00e9s az irod\u00e1k leveg\u0151j\u00e9nek nedvess\u00e9gtartalma a f\u0171t\u00e9s hi\u00e1nya miatt ilyenkor a legnagyobb. T\u00e9len, kora tavasszal \u00e9s k\u00e9s\u0151 \u0151sszel a f\u0171t\u00f6tt lak\u00e1sok &hellip;<\/p>\n<p class=\"read-more\"> <a class=\"\" href=\"https:\/\/premiumecoclean.hu\/en\/poratka-veszelyei-az-irodankban-es-az-otthonukban\/\"> <span class=\"screen-reader-text\">Poratka vesz\u00e9lyei az irod\u00e1nkban \u00e9s az otthonukban<\/span> Read More &raquo;<\/a><\/p>\n","protected":false},"author":2,"featured_media":5231,"comment_status":"open","ping_status":"open","sticky":false,"template":"","format":"standard","meta":{"_eb_attr":"","footnotes":""},"categories":[35],"tags":[],"class_list":["post-5239","post","type-post","status-publish","format-standard","has-post-thumbnail","hentry","category-egeszseges-elet-en"],"yoast_head":"<!-- This site is optimized with the Yoast SEO plugin v16.8 - https:\/\/yoast.com\/wordpress\/plugins\/seo\/ -->\n<title>Poratka vesz\u00e9lyei az irod\u00e1nkban \u00e9s az otthonukban - PremiumEcoClean<\/title>\n<meta name=\"description\" content=\"A poratk\u00e1k sz\u00e1mos kellemetlen betegs\u00e9get terjesztenek. Az \u00fcr\u00fcl\u00e9k\u00fck a lak\u00e1sunk vagy irod\u00e1nk l\u00e9gter\u00e9be f\u0151leg a l\u00e9gutakba ker\u00fclve allergi\u00e1s n\u00e1th\u00e1t, s\u0151t asztm\u00e1t okozhatnak. Az atka \u00fcr\u00fcl\u00e9k a h\u00e1zi a porral kapcsolatba ker\u00fclve a szem k\u00f6t\u0151h\u00e1rty\u00e1j\u00e1ba ker\u00fclhet, valamint bel\u00e9gz\u00e9ssel az orr ny\u00e1lkah\u00e1rty\u00e1j\u00e1n gyullad\u00e1st id\u00e9z el\u0151. Id\u0151vel az er\u0151ltetett k\u00f6h\u00f6g\u00e9sb\u0151l, a h\u00f6rg\u0151k g\u00f6rcs\u00f6s elv\u00e1ltoz\u00e1s\u00e1b\u00f3l neh\u00e9zl\u00e9gz\u00e9s, asztma alakulhat ki. B\u0151rrel kapcsolatba ker\u00fcl\u0151 allergiz\u00e1l\u00f3 maradv\u00e1nyok, csal\u00e1nki\u00fct\u00e9st \u00e9s k\u00fcl\u00f6nb\u00f6z\u0151 ekc\u00e9m\u00e1s reakci\u00f3kat is kiv\u00e1lthatnak.\" \/>\n<meta name=\"robots\" content=\"index, follow, max-snippet:-1, max-image-preview:large, max-video-preview:-1\" \/>\n<link rel=\"canonical\" href=\"https:\/\/premiumecoclean.hu\/en\/poratka-veszelyei-az-irodankban-es-az-otthonukban\/\" \/>\n<meta property=\"og:locale\" content=\"en_US\" \/>\n<meta property=\"og:type\" content=\"article\" \/>\n<meta property=\"og:title\" content=\"Poratka vesz\u00e9lyei az irod\u00e1nkban \u00e9s az otthonukban - PremiumEcoClean\" \/>\n<meta property=\"og:description\" content=\"A poratk\u00e1k sz\u00e1mos kellemetlen betegs\u00e9get terjesztenek. Az \u00fcr\u00fcl\u00e9k\u00fck a lak\u00e1sunk vagy irod\u00e1nk l\u00e9gter\u00e9be f\u0151leg a l\u00e9gutakba ker\u00fclve allergi\u00e1s n\u00e1th\u00e1t, s\u0151t asztm\u00e1t okozhatnak. Az atka \u00fcr\u00fcl\u00e9k a h\u00e1zi a porral kapcsolatba ker\u00fclve a szem k\u00f6t\u0151h\u00e1rty\u00e1j\u00e1ba ker\u00fclhet, valamint bel\u00e9gz\u00e9ssel az orr ny\u00e1lkah\u00e1rty\u00e1j\u00e1n gyullad\u00e1st id\u00e9z el\u0151. Id\u0151vel az er\u0151ltetett k\u00f6h\u00f6g\u00e9sb\u0151l, a h\u00f6rg\u0151k g\u00f6rcs\u00f6s elv\u00e1ltoz\u00e1s\u00e1b\u00f3l neh\u00e9zl\u00e9gz\u00e9s, asztma alakulhat ki. B\u0151rrel kapcsolatba ker\u00fcl\u0151 allergiz\u00e1l\u00f3 maradv\u00e1nyok, csal\u00e1nki\u00fct\u00e9st \u00e9s k\u00fcl\u00f6nb\u00f6z\u0151 ekc\u00e9m\u00e1s reakci\u00f3kat is kiv\u00e1lthatnak.\" \/>\n<meta property=\"og:url\" content=\"https:\/\/premiumecoclean.hu\/en\/poratka-veszelyei-az-irodankban-es-az-otthonukban\/\" \/>\n<meta property=\"og:site_name\" content=\"PremiumEcoClean\" \/>\n<meta property=\"article:published_time\" content=\"2022-03-30T13:49:19+00:00\" \/>\n<meta property=\"article:modified_time\" content=\"2022-03-31T13:59:59+00:00\" \/>\n<meta property=\"og:image\" content=\"https:\/\/premiumecoclean.hu\/wp-content\/uploads\/2022\/03\/PremiumEcoClean_poratka_blog_fokep.jpg\" \/>\n\t<meta property=\"og:image:width\" content=\"1200\" \/>\n\t<meta property=\"og:image:height\" content=\"800\" \/>\n<meta name=\"twitter:card\" content=\"summary_large_image\" \/>\n<meta name=\"twitter:label1\" content=\"Written by\" \/>\n\t<meta name=\"twitter:data1\" content=\"PremiumEcoClean\" \/>\n\t<meta name=\"twitter:label2\" content=\"Est. reading time\" \/>\n\t<meta name=\"twitter:data2\" content=\"3 minutes\" \/>\n<script type=\"application\/ld+json\" class=\"yoast-schema-graph\">{\"@context\":\"https:\/\/schema.org\",\"@graph\":[{\"@type\":\"WebSite\",\"@id\":\"https:\/\/premiumecoclean.hu\/#website\",\"url\":\"https:\/\/premiumecoclean.hu\/\",\"name\":\"PremiumEcoClean\",\"description\":\"K\\u00f6z\\u00f6sen egy tiszta \\u00e9s k\\u00f6rnyezetbar\\u00e1t \\u00faton.\",\"potentialAction\":[{\"@type\":\"SearchAction\",\"target\":{\"@type\":\"EntryPoint\",\"urlTemplate\":\"https:\/\/premiumecoclean.hu\/?s={search_term_string}\"},\"query-input\":\"required name=search_term_string\"}],\"inLanguage\":\"en-US\"},{\"@type\":\"ImageObject\",\"@id\":\"https:\/\/premiumecoclean.hu\/en\/poratka-veszelyei-az-irodankban-es-az-otthonukban\/#primaryimage\",\"inLanguage\":\"en-US\",\"url\":\"https:\/\/premiumecoclean.hu\/wp-content\/uploads\/2022\/03\/PremiumEcoClean_poratka_blog_fokep.jpg\",\"contentUrl\":\"https:\/\/premiumecoclean.hu\/wp-content\/uploads\/2022\/03\/PremiumEcoClean_poratka_blog_fokep.jpg\",\"width\":1200,\"height\":800},{\"@type\":\"WebPage\",\"@id\":\"https:\/\/premiumecoclean.hu\/en\/poratka-veszelyei-az-irodankban-es-az-otthonukban\/#webpage\",\"url\":\"https:\/\/premiumecoclean.hu\/en\/poratka-veszelyei-az-irodankban-es-az-otthonukban\/\",\"name\":\"Poratka vesz\\u00e9lyei az irod\\u00e1nkban \\u00e9s az otthonukban - PremiumEcoClean\",\"isPartOf\":{\"@id\":\"https:\/\/premiumecoclean.hu\/#website\"},\"primaryImageOfPage\":{\"@id\":\"https:\/\/premiumecoclean.hu\/en\/poratka-veszelyei-az-irodankban-es-az-otthonukban\/#primaryimage\"},\"datePublished\":\"2022-03-30T13:49:19+00:00\",\"dateModified\":\"2022-03-31T13:59:59+00:00\",\"author\":{\"@id\":\"https:\/\/premiumecoclean.hu\/#\/schema\/person\/abeff1e0077e68ca1bb9b9bd6a051fa0\"},\"description\":\"A poratk\\u00e1k sz\\u00e1mos kellemetlen betegs\\u00e9get terjesztenek. Az \\u00fcr\\u00fcl\\u00e9k\\u00fck a lak\\u00e1sunk vagy irod\\u00e1nk l\\u00e9gter\\u00e9be f\\u0151leg a l\\u00e9gutakba ker\\u00fclve allergi\\u00e1s n\\u00e1th\\u00e1t, s\\u0151t asztm\\u00e1t okozhatnak. Az atka \\u00fcr\\u00fcl\\u00e9k a h\\u00e1zi a porral kapcsolatba ker\\u00fclve a szem k\\u00f6t\\u0151h\\u00e1rty\\u00e1j\\u00e1ba ker\\u00fclhet, valamint bel\\u00e9gz\\u00e9ssel az orr ny\\u00e1lkah\\u00e1rty\\u00e1j\\u00e1n gyullad\\u00e1st id\\u00e9z el\\u0151. Id\\u0151vel az er\\u0151ltetett k\\u00f6h\\u00f6g\\u00e9sb\\u0151l, a h\\u00f6rg\\u0151k g\\u00f6rcs\\u00f6s elv\\u00e1ltoz\\u00e1s\\u00e1b\\u00f3l neh\\u00e9zl\\u00e9gz\\u00e9s, asztma alakulhat ki. B\\u0151rrel kapcsolatba ker\\u00fcl\\u0151 allergiz\\u00e1l\\u00f3 maradv\\u00e1nyok, csal\\u00e1nki\\u00fct\\u00e9st \\u00e9s k\\u00fcl\\u00f6nb\\u00f6z\\u0151 ekc\\u00e9m\\u00e1s reakci\\u00f3kat is kiv\\u00e1lthatnak.\",\"breadcrumb\":{\"@id\":\"https:\/\/premiumecoclean.hu\/en\/poratka-veszelyei-az-irodankban-es-az-otthonukban\/#breadcrumb\"},\"inLanguage\":\"en-US\",\"potentialAction\":[{\"@type\":\"ReadAction\",\"target\":[\"https:\/\/premiumecoclean.hu\/en\/poratka-veszelyei-az-irodankban-es-az-otthonukban\/\"]}]},{\"@type\":\"BreadcrumbList\",\"@id\":\"https:\/\/premiumecoclean.hu\/en\/poratka-veszelyei-az-irodankban-es-az-otthonukban\/#breadcrumb\",\"itemListElement\":[{\"@type\":\"ListItem\",\"position\":1,\"name\":\"Kezd\\u0151lap\",\"item\":\"https:\/\/premiumecoclean.hu\/\"},{\"@type\":\"ListItem\",\"position\":2,\"name\":\"Poratka vesz\\u00e9lyei az irod\\u00e1nkban \\u00e9s az otthonukban\"}]},{\"@type\":\"Person\",\"@id\":\"https:\/\/premiumecoclean.hu\/#\/schema\/person\/abeff1e0077e68ca1bb9b9bd6a051fa0\",\"name\":\"PremiumEcoClean\",\"image\":{\"@type\":\"ImageObject\",\"@id\":\"https:\/\/premiumecoclean.hu\/#personlogo\",\"inLanguage\":\"en-US\",\"url\":\"https:\/\/secure.gravatar.com\/avatar\/1e1af7bba421bbd5c22b20e7d3e36843d655cd28557e6c003120cab5e77f7715?s=96&d=mm&r=g\",\"contentUrl\":\"https:\/\/secure.gravatar.com\/avatar\/1e1af7bba421bbd5c22b20e7d3e36843d655cd28557e6c003120cab5e77f7715?s=96&d=mm&r=g\",\"caption\":\"PremiumEcoClean\"},\"description\":\"Az emberi szervezet eg\\u00e9szs\\u00e9g\\u00e9ben elengedhetetlen szerepet j\\u00e1tszik a rendszeres takar\\u00edt\\u00e1s. A rend \\u00e9s a tisztas\\u00e1g a lelki \\u00e9s testi eg\\u00e9szs\\u00e9g\\u00fcnknek is seg\\u00edt. Legyen sz\\u00f3 otthonunkr\\u00f3l vagy \\u00e9pp a munkahely\\u00fcnkr\\u0151l fontos, hogy komfortosan \\u00e9rezz\\u00fck magunkat. Ahhoz viszont, hogy napi teend\\u0151inkre megfelel\\u0151en tudjunk koncentr\\u00e1lni \\u00f6sszhangba kell hoznunk a higi\\u00e9ni\\u00e1t a k\\u00f6rnyezet \\u00e9s eg\\u00e9szs\\u00e9g\\u00fcnk v\\u00e9delm\\u00e9vel.\",\"url\":\"https:\/\/premiumecoclean.hu\/en\/author\/ponnertpeter\/\"}]}<\/script>\n<!-- \/ Yoast SEO plugin. -->","yoast_head_json":{"title":"Poratka vesz\u00e9lyei az irod\u00e1nkban \u00e9s az otthonukban - PremiumEcoClean","description":"A poratk\u00e1k sz\u00e1mos kellemetlen betegs\u00e9get terjesztenek. Az \u00fcr\u00fcl\u00e9k\u00fck a lak\u00e1sunk vagy irod\u00e1nk l\u00e9gter\u00e9be f\u0151leg a l\u00e9gutakba ker\u00fclve allergi\u00e1s n\u00e1th\u00e1t, s\u0151t asztm\u00e1t okozhatnak. Az atka \u00fcr\u00fcl\u00e9k a h\u00e1zi a porral kapcsolatba ker\u00fclve a szem k\u00f6t\u0151h\u00e1rty\u00e1j\u00e1ba ker\u00fclhet, valamint bel\u00e9gz\u00e9ssel az orr ny\u00e1lkah\u00e1rty\u00e1j\u00e1n gyullad\u00e1st id\u00e9z el\u0151. Id\u0151vel az er\u0151ltetett k\u00f6h\u00f6g\u00e9sb\u0151l, a h\u00f6rg\u0151k g\u00f6rcs\u00f6s elv\u00e1ltoz\u00e1s\u00e1b\u00f3l neh\u00e9zl\u00e9gz\u00e9s, asztma alakulhat ki. B\u0151rrel kapcsolatba ker\u00fcl\u0151 allergiz\u00e1l\u00f3 maradv\u00e1nyok, csal\u00e1nki\u00fct\u00e9st \u00e9s k\u00fcl\u00f6nb\u00f6z\u0151 ekc\u00e9m\u00e1s reakci\u00f3kat is kiv\u00e1lthatnak.","robots":{"index":"index","follow":"follow","max-snippet":"max-snippet:-1","max-image-preview":"max-image-preview:large","max-video-preview":"max-video-preview:-1"},"canonical":"https:\/\/premiumecoclean.hu\/en\/poratka-veszelyei-az-irodankban-es-az-otthonukban\/","og_locale":"en_US","og_type":"article","og_title":"Poratka vesz\u00e9lyei az irod\u00e1nkban \u00e9s az otthonukban - PremiumEcoClean","og_description":"A poratk\u00e1k sz\u00e1mos kellemetlen betegs\u00e9get terjesztenek. Az \u00fcr\u00fcl\u00e9k\u00fck a lak\u00e1sunk vagy irod\u00e1nk l\u00e9gter\u00e9be f\u0151leg a l\u00e9gutakba ker\u00fclve allergi\u00e1s n\u00e1th\u00e1t, s\u0151t asztm\u00e1t okozhatnak. Az atka \u00fcr\u00fcl\u00e9k a h\u00e1zi a porral kapcsolatba ker\u00fclve a szem k\u00f6t\u0151h\u00e1rty\u00e1j\u00e1ba ker\u00fclhet, valamint bel\u00e9gz\u00e9ssel az orr ny\u00e1lkah\u00e1rty\u00e1j\u00e1n gyullad\u00e1st id\u00e9z el\u0151. Id\u0151vel az er\u0151ltetett k\u00f6h\u00f6g\u00e9sb\u0151l, a h\u00f6rg\u0151k g\u00f6rcs\u00f6s elv\u00e1ltoz\u00e1s\u00e1b\u00f3l neh\u00e9zl\u00e9gz\u00e9s, asztma alakulhat ki. B\u0151rrel kapcsolatba ker\u00fcl\u0151 allergiz\u00e1l\u00f3 maradv\u00e1nyok, csal\u00e1nki\u00fct\u00e9st \u00e9s k\u00fcl\u00f6nb\u00f6z\u0151 ekc\u00e9m\u00e1s reakci\u00f3kat is kiv\u00e1lthatnak.","og_url":"https:\/\/premiumecoclean.hu\/en\/poratka-veszelyei-az-irodankban-es-az-otthonukban\/","og_site_name":"PremiumEcoClean","article_published_time":"2022-03-30T13:49:19+00:00","article_modified_time":"2022-03-31T13:59:59+00:00","og_image":[{"width":1200,"height":800,"url":"https:\/\/premiumecoclean.hu\/wp-content\/uploads\/2022\/03\/PremiumEcoClean_poratka_blog_fokep.jpg","path":"\/home\/premiu25\/public_html\/wp-content\/uploads\/2022\/03\/PremiumEcoClean_poratka_blog_fokep.jpg","size":"full","id":5231,"alt":"","pixels":960000,"type":"image\/jpeg"}],"twitter_card":"summary_large_image","twitter_misc":{"Written by":"PremiumEcoClean","Est. reading time":"3 minutes"},"schema":{"@context":"https:\/\/schema.org","@graph":[{"@type":"WebSite","@id":"https:\/\/premiumecoclean.hu\/#website","url":"https:\/\/premiumecoclean.hu\/","name":"PremiumEcoClean","description":"K\u00f6z\u00f6sen egy tiszta \u00e9s k\u00f6rnyezetbar\u00e1t \u00faton.","potentialAction":[{"@type":"SearchAction","target":{"@type":"EntryPoint","urlTemplate":"https:\/\/premiumecoclean.hu\/?s={search_term_string}"},"query-input":"required name=search_term_string"}],"inLanguage":"en-US"},{"@type":"ImageObject","@id":"https:\/\/premiumecoclean.hu\/en\/poratka-veszelyei-az-irodankban-es-az-otthonukban\/#primaryimage","inLanguage":"en-US","url":"https:\/\/premiumecoclean.hu\/wp-content\/uploads\/2022\/03\/PremiumEcoClean_poratka_blog_fokep.jpg","contentUrl":"https:\/\/premiumecoclean.hu\/wp-content\/uploads\/2022\/03\/PremiumEcoClean_poratka_blog_fokep.jpg","width":1200,"height":800},{"@type":"WebPage","@id":"https:\/\/premiumecoclean.hu\/en\/poratka-veszelyei-az-irodankban-es-az-otthonukban\/#webpage","url":"https:\/\/premiumecoclean.hu\/en\/poratka-veszelyei-az-irodankban-es-az-otthonukban\/","name":"Poratka vesz\u00e9lyei az irod\u00e1nkban \u00e9s az otthonukban - PremiumEcoClean","isPartOf":{"@id":"https:\/\/premiumecoclean.hu\/#website"},"primaryImageOfPage":{"@id":"https:\/\/premiumecoclean.hu\/en\/poratka-veszelyei-az-irodankban-es-az-otthonukban\/#primaryimage"},"datePublished":"2022-03-30T13:49:19+00:00","dateModified":"2022-03-31T13:59:59+00:00","author":{"@id":"https:\/\/premiumecoclean.hu\/#\/schema\/person\/abeff1e0077e68ca1bb9b9bd6a051fa0"},"description":"A poratk\u00e1k sz\u00e1mos kellemetlen betegs\u00e9get terjesztenek. Az \u00fcr\u00fcl\u00e9k\u00fck a lak\u00e1sunk vagy irod\u00e1nk l\u00e9gter\u00e9be f\u0151leg a l\u00e9gutakba ker\u00fclve allergi\u00e1s n\u00e1th\u00e1t, s\u0151t asztm\u00e1t okozhatnak. Az atka \u00fcr\u00fcl\u00e9k a h\u00e1zi a porral kapcsolatba ker\u00fclve a szem k\u00f6t\u0151h\u00e1rty\u00e1j\u00e1ba ker\u00fclhet, valamint bel\u00e9gz\u00e9ssel az orr ny\u00e1lkah\u00e1rty\u00e1j\u00e1n gyullad\u00e1st id\u00e9z el\u0151. Id\u0151vel az er\u0151ltetett k\u00f6h\u00f6g\u00e9sb\u0151l, a h\u00f6rg\u0151k g\u00f6rcs\u00f6s elv\u00e1ltoz\u00e1s\u00e1b\u00f3l neh\u00e9zl\u00e9gz\u00e9s, asztma alakulhat ki. B\u0151rrel kapcsolatba ker\u00fcl\u0151 allergiz\u00e1l\u00f3 maradv\u00e1nyok, csal\u00e1nki\u00fct\u00e9st \u00e9s k\u00fcl\u00f6nb\u00f6z\u0151 ekc\u00e9m\u00e1s reakci\u00f3kat is kiv\u00e1lthatnak.","breadcrumb":{"@id":"https:\/\/premiumecoclean.hu\/en\/poratka-veszelyei-az-irodankban-es-az-otthonukban\/#breadcrumb"},"inLanguage":"en-US","potentialAction":[{"@type":"ReadAction","target":["https:\/\/premiumecoclean.hu\/en\/poratka-veszelyei-az-irodankban-es-az-otthonukban\/"]}]},{"@type":"BreadcrumbList","@id":"https:\/\/premiumecoclean.hu\/en\/poratka-veszelyei-az-irodankban-es-az-otthonukban\/#breadcrumb","itemListElement":[{"@type":"ListItem","position":1,"name":"Kezd\u0151lap","item":"https:\/\/premiumecoclean.hu\/"},{"@type":"ListItem","position":2,"name":"Poratka vesz\u00e9lyei az irod\u00e1nkban \u00e9s az otthonukban"}]},{"@type":"Person","@id":"https:\/\/premiumecoclean.hu\/#\/schema\/person\/abeff1e0077e68ca1bb9b9bd6a051fa0","name":"PremiumEcoClean","image":{"@type":"ImageObject","@id":"https:\/\/premiumecoclean.hu\/#personlogo","inLanguage":"en-US","url":"https:\/\/secure.gravatar.com\/avatar\/1e1af7bba421bbd5c22b20e7d3e36843d655cd28557e6c003120cab5e77f7715?s=96&d=mm&r=g","contentUrl":"https:\/\/secure.gravatar.com\/avatar\/1e1af7bba421bbd5c22b20e7d3e36843d655cd28557e6c003120cab5e77f7715?s=96&d=mm&r=g","caption":"PremiumEcoClean"},"description":"Az emberi szervezet eg\u00e9szs\u00e9g\u00e9ben elengedhetetlen szerepet j\u00e1tszik a rendszeres takar\u00edt\u00e1s. A rend \u00e9s a tisztas\u00e1g a lelki \u00e9s testi eg\u00e9szs\u00e9g\u00fcnknek is seg\u00edt. Legyen sz\u00f3 otthonunkr\u00f3l vagy \u00e9pp a munkahely\u00fcnkr\u0151l fontos, hogy komfortosan \u00e9rezz\u00fck magunkat. Ahhoz viszont, hogy napi teend\u0151inkre megfelel\u0151en tudjunk koncentr\u00e1lni \u00f6sszhangba kell hoznunk a higi\u00e9ni\u00e1t a k\u00f6rnyezet \u00e9s eg\u00e9szs\u00e9g\u00fcnk v\u00e9delm\u00e9vel.","url":"https:\/\/premiumecoclean.hu\/en\/author\/ponnertpeter\/"}]}},"_links":{"self":[{"href":"https:\/\/premiumecoclean.hu\/en\/wp-json\/wp\/v2\/posts\/5239","targetHints":{"allow":["GET"]}}],"collection":[{"href":"https:\/\/premiumecoclean.hu\/en\/wp-json\/wp\/v2\/posts"}],"about":[{"href":"https:\/\/premiumecoclean.hu\/en\/wp-json\/wp\/v2\/types\/post"}],"author":[{"embeddable":true,"href":"https:\/\/premiumecoclean.hu\/en\/wp-json\/wp\/v2\/users\/2"}],"replies":[{"embeddable":true,"href":"https:\/\/premiumecoclean.hu\/en\/wp-json\/wp\/v2\/comments?post=5239"}],"version-history":[{"count":13,"href":"https:\/\/premiumecoclean.hu\/en\/wp-json\/wp\/v2\/posts\/5239\/revisions"}],"predecessor-version":[{"id":5278,"href":"https:\/\/premiumecoclean.hu\/en\/wp-json\/wp\/v2\/posts\/5239\/revisions\/5278"}],"wp:featuredmedia":[{"embeddable":true,"href":"https:\/\/premiumecoclean.hu\/en\/wp-json\/wp\/v2\/media\/5231"}],"wp:attachment":[{"href":"https:\/\/premiumecoclean.hu\/en\/wp-json\/wp\/v2\/media?parent=5239"}],"wp:term":[{"taxonomy":"category","embeddable":true,"href":"https:\/\/premiumecoclean.hu\/en\/wp-json\/wp\/v2\/categories?post=5239"},{"taxonomy":"post_tag","embeddable":true,"href":"https:\/\/premiumecoclean.hu\/en\/wp-json\/wp\/v2\/tags?post=5239"}],"curies":[{"name":"wp","href":"https:\/\/api.w.org\/{rel}","templated":true}]}}